{"id":1090,"date":"2025-03-03T08:32:42","date_gmt":"2025-03-03T07:32:42","guid":{"rendered":"https:\/\/www.pirschheidi.com\/2020\/?p=1090"},"modified":"2025-03-03T08:33:46","modified_gmt":"2025-03-03T07:33:46","slug":"maler-und-lackierer-die-neue-hymne-fur-ein-farbenfrohes-handwerk","status":"publish","type":"post","link":"https:\/\/pirschheidi.com\/2020\/maler-und-lackierer-die-neue-hymne-fur-ein-farbenfrohes-handwerk\/","title":{"rendered":"Maler und Lackierer \u2013 Die neue Hymne f\u00fcr ein farbenfrohes Handwerk!"},"content":{"rendered":"\n<p><\/p>\n\n\n\n<p>Jeder kennt sie, aber viel zu selten stehen sie im Rampenlicht: Maler und Lackierer. Sie machen unser Leben bunter, verwandeln triste W\u00e4nde in Kunstwerke und geben unseren St\u00e4dten Charakter. Genau diesen kreativen Profis widmet das K\u00fcnstlerkollektiv Pirschheidi jetzt einen mitrei\u00dfenden Popschlager: <strong>\u201eMaler und Lackierer\u201c \u2013 die Hymne f\u00fcr alle, die mit Farbe die Welt gestalten!<\/strong><br><br><strong>Ein Song, der das Handwerk feiert<\/strong><\/p>\n\n\n\n<p>Der Song f\u00e4ngt die Dynamik und den Stolz dieses Berufes ein. Vom feinen Pinselstrich bis zur gro\u00dffl\u00e4chigen Fassadengestaltung \u2013 \u201eMaler und Lackierer\u201c beschreibt die ganze Bandbreite des Handwerks. Mit einem eing\u00e4ngigen Refrain und einer mitrei\u00dfenden Melodie bringt das Lied die Freude und Leidenschaft auf den Punkt, die in diesem Beruf stecken.<br><br><strong>Ein musikalisches Malbuch f\u00fcr die Fantasie<\/strong><\/p>\n\n\n\n<p>Passend zum Song entstand ein Bild, das eine Stadt wie ein riesiges Malbuch zeigt. Alles beginnt in Schwarz-Wei\u00df \u2013 doch ein fr\u00f6hlicher Maler mit einem \u00fcberdimensionalen Pinsel bringt Farbe in die Szenerie. Wo er den Pinsel ansetzt, verwandeln sich H\u00e4user, Autos und Menschen in leuchtende Farben. So wie im echten Leben: Maler sind K\u00fcnstler des Alltags, die die Welt jeden Tag ein St\u00fcck sch\u00f6ner machen.<\/p>\n\n\n\n<figure class=\"wp-block-image size-full\"><img decoding=\"async\" width=\"1024\" height=\"1024\" data-src=\"https:\/\/www.pirschheidi.com\/2020\/wp-content\/uploads\/2025\/03\/u9865753994_cityscape_where_everything_is_black_and_white_res_80699933-4f07-4705-b52b-2c2dae9a8a71_1.png\" alt=\"\" class=\"wp-image-1091 lazyload\" data-srcset=\"https:\/\/pirschheidi.com\/2020\/wp-content\/uploads\/2025\/03\/u9865753994_cityscape_where_everything_is_black_and_white_res_80699933-4f07-4705-b52b-2c2dae9a8a71_1.png 1024w, https:\/\/pirschheidi.com\/2020\/wp-content\/uploads\/2025\/03\/u9865753994_cityscape_where_everything_is_black_and_white_res_80699933-4f07-4705-b52b-2c2dae9a8a71_1-300x300.png 300w, https:\/\/pirschheidi.com\/2020\/wp-content\/uploads\/2025\/03\/u9865753994_cityscape_where_everything_is_black_and_white_res_80699933-4f07-4705-b52b-2c2dae9a8a71_1-150x150.png 150w, https:\/\/pirschheidi.com\/2020\/wp-content\/uploads\/2025\/03\/u9865753994_cityscape_where_everything_is_black_and_white_res_80699933-4f07-4705-b52b-2c2dae9a8a71_1-768x768.png 768w, https:\/\/pirschheidi.com\/2020\/wp-content\/uploads\/2025\/03\/u9865753994_cityscape_where_everything_is_black_and_white_res_80699933-4f07-4705-b52b-2c2dae9a8a71_1-100x100.png 100w\" data-sizes=\"(max-width: 767px) 89vw, (max-width: 1000px) 54vw, (max-width: 1071px) 543px, 580px\" src=\"data:image\/svg+xml;base64,PHN2ZyB3aWR0aD0iMSIgaGVpZ2h0PSIxIiB4bWxucz0iaHR0cDovL3d3dy53My5vcmcvMjAwMC9zdmciPjwvc3ZnPg==\" style=\"--smush-placeholder-width: 1024px; --smush-placeholder-aspect-ratio: 1024\/1024;\" \/><\/figure>\n\n\n\n<h3 class=\"wp-block-heading\"><strong>Warum dieser Song zur Maler-Hymne werden muss<\/strong><\/h3>\n\n\n\n<p>Dieser Song soll nicht einfach nur unterhalten \u2013 er soll ein Statement setzen. Maler und Lackierer sind mehr als nur Handwerker, sie sind Gestalter unserer Umgebung. <strong>\u201eMaler und Lackierer\u201c<\/strong> gibt ihnen eine Stimme und feiert ihre Kunstfertigkeit.<\/p>\n\n\n\n<p><strong>Jetzt seid ihr gefragt!<\/strong> Teilt den Song, spielt ihn in Werkst\u00e4tten, auf Baustellen und in Berufsschulen. Lasst uns gemeinsam daf\u00fcr sorgen, dass diese Hymne durch Deutschland zieht \u2013 von Baustelle zu Baustelle, von Stadt zu Stadt. Denn ohne Farbe w\u00e4re das Leben nur halb so sch\u00f6n!<\/p>\n\n\n\n<p>Maler und Lackierer <a href=\"https:\/\/www.feiyr.com\/x\/BVE76\" target=\"_blank\" rel=\"noreferrer noopener\">hier downloaden oder streamen<\/a>.<\/p>\n\n\n\n<figure class=\"wp-block-image size-large\"><img decoding=\"async\" width=\"1024\" height=\"1024\" data-src=\"https:\/\/www.pirschheidi.com\/2020\/wp-content\/uploads\/2025\/03\/Maler-und-Lackierer-1024x1024.jpg\" alt=\"\" class=\"wp-image-1092 lazyload\" data-srcset=\"https:\/\/pirschheidi.com\/2020\/wp-content\/uploads\/2025\/03\/Maler-und-Lackierer-1024x1024.jpg 1024w, https:\/\/pirschheidi.com\/2020\/wp-content\/uploads\/2025\/03\/Maler-und-Lackierer-300x300.jpg 300w, https:\/\/pirschheidi.com\/2020\/wp-content\/uploads\/2025\/03\/Maler-und-Lackierer-150x150.jpg 150w, https:\/\/pirschheidi.com\/2020\/wp-content\/uploads\/2025\/03\/Maler-und-Lackierer-768x768.jpg 768w, https:\/\/pirschheidi.com\/2020\/wp-content\/uploads\/2025\/03\/Maler-und-Lackierer-1536x1536.jpg 1536w, https:\/\/pirschheidi.com\/2020\/wp-content\/uploads\/2025\/03\/Maler-und-Lackierer-100x100.jpg 100w, https:\/\/pirschheidi.com\/2020\/wp-content\/uploads\/2025\/03\/Maler-und-Lackierer.jpg 2000w\" data-sizes=\"(max-width: 767px) 89vw, (max-width: 1000px) 54vw, (max-width: 1071px) 543px, 580px\" src=\"data:image\/svg+xml;base64,PHN2ZyB3aWR0aD0iMSIgaGVpZ2h0PSIxIiB4bWxucz0iaHR0cDovL3d3dy53My5vcmcvMjAwMC9zdmciPjwvc3ZnPg==\" style=\"--smush-placeholder-width: 1024px; --smush-placeholder-aspect-ratio: 1024\/1024;\" \/><\/figure>\n","protected":false},"excerpt":{"rendered":"<p>Jeder kennt sie, aber viel zu selten stehen sie im Rampenlicht: Maler und Lackierer. Sie machen unser Leben bunter, verwandeln triste W\u00e4nde in Kunstwerke und geben unseren St\u00e4dten Charakter. Genau diesen kreativen Profis widmet das K\u00fcnstlerkollektiv Pirschheidi jetzt einen mitrei\u00dfenden Popschlager: \u201eMaler und Lackierer\u201c \u2013 die Hymne f\u00fcr alle, die mit Farbe die Welt gestalten! &hellip; <\/p>\n<p class=\"link-more\"><a href=\"https:\/\/pirschheidi.com\/2020\/maler-und-lackierer-die-neue-hymne-fur-ein-farbenfrohes-handwerk\/\" class=\"more-link\"><span class=\"screen-reader-text\">\u201eMaler und Lackierer \u2013 Die neue Hymne f\u00fcr ein farbenfrohes Handwerk!\u201c <\/span>weiterlesen<\/a><\/p>\n","protected":false},"author":2,"featured_media":0,"comment_status":"closed","ping_status":"open","sticky":false,"template":"","format":"standard","meta":{"footnotes":""},"categories":[12,134,205,6],"tags":[],"class_list":["post-1090","post","type-post","status-publish","format-standard","hentry","category-kunstler","category-liebe","category-musik","category-schlager"],"_links":{"self":[{"href":"https:\/\/pirschheidi.com\/2020\/wp-json\/wp\/v2\/posts\/1090","targetHints":{"allow":["GET"]}}],"collection":[{"href":"https:\/\/pirschheidi.com\/2020\/wp-json\/wp\/v2\/posts"}],"about":[{"href":"https:\/\/pirschheidi.com\/2020\/wp-json\/wp\/v2\/types\/post"}],"author":[{"embeddable":true,"href":"https:\/\/pirschheidi.com\/2020\/wp-json\/wp\/v2\/users\/2"}],"replies":[{"embeddable":true,"href":"https:\/\/pirschheidi.com\/2020\/wp-json\/wp\/v2\/comments?post=1090"}],"version-history":[{"count":2,"href":"https:\/\/pirschheidi.com\/2020\/wp-json\/wp\/v2\/posts\/1090\/revisions"}],"predecessor-version":[{"id":1094,"href":"https:\/\/pirschheidi.com\/2020\/wp-json\/wp\/v2\/posts\/1090\/revisions\/1094"}],"wp:attachment":[{"href":"https:\/\/pirschheidi.com\/2020\/wp-json\/wp\/v2\/media?parent=1090"}],"wp:term":[{"taxonomy":"category","embeddable":true,"href":"https:\/\/pirschheidi.com\/2020\/wp-json\/wp\/v2\/categories?post=1090"},{"taxonomy":"post_tag","embeddable":true,"href":"https:\/\/pirschheidi.com\/2020\/wp-json\/wp\/v2\/tags?post=1090"}],"curies":[{"name":"wp","href":"https:\/\/api.w.org\/{rel}","templated":true}]}}