{"id":1278,"date":"2025-09-05T13:09:05","date_gmt":"2025-09-05T11:09:05","guid":{"rendered":"https:\/\/www.pirschheidi.com\/2020\/?p=1278"},"modified":"2025-09-05T13:44:44","modified_gmt":"2025-09-05T11:44:44","slug":"pirschheidi-und-lorenz-bueffel-auf-dem-schorte-oktoberfest-am-11-10-%f0%9f%a5%b3%f0%9f%92%9d","status":"publish","type":"post","link":"https:\/\/pirschheidi.com\/2020\/pirschheidi-und-lorenz-bueffel-auf-dem-schorte-oktoberfest-am-11-10-%f0%9f%a5%b3%f0%9f%92%9d\/","title":{"rendered":"Pirschheidi und Lorenz B\u00fcffel auf dem Schorte Oktoberfest am 11.10.!!! \ud83e\udd73\ud83d\udc9d"},"content":{"rendered":"\n<p>Wenn die N\u00e4chte l\u00e4nger werden und die Stimmung auf den Tanzfl\u00e4chen brodelt, gibt es nur eins: eine echte Partysause, bei der keiner stillstehen kann. Genau daf\u00fcr steht unsere Pirschheidi-Show \u2013 ein musikalisches Feuerwerk aus Apr\u00e8s-Ski-Hits, Oktoberfestklassikern und handfester Partymusik, die sofort in die Beine geht.<\/p>\n\n\n\n<p>Wir bringen das Lebensgef\u00fchl der gro\u00dfen H\u00fcttengaudis in jede Location \u2013 egal ob Vereinsfest, Firmenfeier oder Stadtparty &#8211; wie am 11.10. zum Beispiel in die Schortem\u00fchle in Ilmenau.<\/p>\n\n\n\n<p>Unser Programm ist eine bunte Mischung aus Refrains zum Mitsingen, treibenden Beats und Partyklassikern, die jeder kennt. Wer dabei ist, merkt schnell: hier geht es nicht um stilles Zuh\u00f6ren, sondern ums Mitsingen, Ansto\u00dfen und Abtanzen.<\/p>\n\n\n\n<p>In der Szene gibt es einige K\u00fcnstler, die diesen Spirit \u00fcber die Jahre gepr\u00e4gt haben. Ein Name, der hier nicht fehlen darf, ist <strong>Lorenz B\u00fcffel<\/strong>. Mit \u201eJohnny D\u00e4pp\u201c hat er gezeigt, wie man eine ganze Generation von Feiernden mitrei\u00dft. Genau diese Energie, dieses Gef\u00fchl von ausgelassener Gemeinschaft, greifen wir mit der Pirschheidi auf und bringen es auf die B\u00fchne \u2013 in unserem ganz eigenen Stil.<\/p>\n\n\n\n<p>Unsere Partys leben von diesem Mix aus Spa\u00df, Spontanit\u00e4t und einer gro\u00dfen Portion guter Laune. Wir wollen Momente schaffen, die im Ged\u00e4chtnis bleiben: der Moment, wenn alle Arme gleichzeitig in die H\u00f6he gehen, wenn der ganze Saal den Refrain br\u00fcllt, oder wenn aus Fremden f\u00fcr ein paar Stunden beste Freunde werden.<\/p>\n\n\n\n<p>Pirschheidi ist keine Show zum Zuschauen \u2013 es ist ein Erlebnis, das man mitten im Geschehen feiert. Wer einmal dabei war, wei\u00df: Hier geht es nicht um Perfektion, sondern um Leidenschaft, Spa\u00df und eine Atmosph\u00e4re, die elektrisiert. \ud83c\udf89\ud83c\udf7b<\/p>\n\n\n\n<figure class=\"wp-block-image size-full\"><img decoding=\"async\" width=\"1024\" height=\"1024\" data-src=\"https:\/\/www.pirschheidi.com\/2020\/wp-content\/uploads\/2025\/09\/u9865753994_A_festive_Oktoberfest_party_inside_a_beer_tent_pe_ba3eada8-7251-4f89-8664-c6eabea8655b_1.png\" alt=\"\" class=\"wp-image-1285 lazyload\" title=\"Oktoberfestzelt, Partystimmung\" data-srcset=\"https:\/\/pirschheidi.com\/2020\/wp-content\/uploads\/2025\/09\/u9865753994_A_festive_Oktoberfest_party_inside_a_beer_tent_pe_ba3eada8-7251-4f89-8664-c6eabea8655b_1.png 1024w, https:\/\/pirschheidi.com\/2020\/wp-content\/uploads\/2025\/09\/u9865753994_A_festive_Oktoberfest_party_inside_a_beer_tent_pe_ba3eada8-7251-4f89-8664-c6eabea8655b_1-300x300.png 300w, https:\/\/pirschheidi.com\/2020\/wp-content\/uploads\/2025\/09\/u9865753994_A_festive_Oktoberfest_party_inside_a_beer_tent_pe_ba3eada8-7251-4f89-8664-c6eabea8655b_1-150x150.png 150w, https:\/\/pirschheidi.com\/2020\/wp-content\/uploads\/2025\/09\/u9865753994_A_festive_Oktoberfest_party_inside_a_beer_tent_pe_ba3eada8-7251-4f89-8664-c6eabea8655b_1-768x768.png 768w, https:\/\/pirschheidi.com\/2020\/wp-content\/uploads\/2025\/09\/u9865753994_A_festive_Oktoberfest_party_inside_a_beer_tent_pe_ba3eada8-7251-4f89-8664-c6eabea8655b_1-100x100.png 100w\" data-sizes=\"(max-width: 767px) 89vw, (max-width: 1000px) 54vw, (max-width: 1071px) 543px, 580px\" src=\"data:image\/svg+xml;base64,PHN2ZyB3aWR0aD0iMSIgaGVpZ2h0PSIxIiB4bWxucz0iaHR0cDovL3d3dy53My5vcmcvMjAwMC9zdmciPjwvc3ZnPg==\" style=\"--smush-placeholder-width: 1024px; --smush-placeholder-aspect-ratio: 1024\/1024;\" \/><\/figure>\n\n\n\n<h1 class=\"wp-block-heading\">Schorte Oktoberfest 11.10.<\/h1>\n\n\n\n<p>Lorenz B\u00fcffel | Pirschheidi<\/p>\n\n\n\n<p>Schortem\u00fchle<br>Schortestra\u00dfe 57<br>98693 Ilmenau<\/p>\n\n\n\n<p>11.10.2025 &#8211; 16:00 bis 22:00 Uhr<\/p>\n\n\n\n<p>Karten gibt es <a href=\"https:\/\/www.eventim-light.com\/de\/a\/66d9a07684361e3e2c313f40\/e\/68b401d4c60e884f9fd1ea12\" target=\"_blank\" rel=\"noreferrer noopener\">hier<\/a>.<\/p>\n","protected":false},"excerpt":{"rendered":"<p>Wenn die N\u00e4chte l\u00e4nger werden und die Stimmung auf den Tanzfl\u00e4chen brodelt, gibt es nur eins: eine echte Partysause, bei der keiner stillstehen kann. Genau daf\u00fcr steht unsere Pirschheidi-Show \u2013 ein musikalisches Feuerwerk aus Apr\u00e8s-Ski-Hits, Oktoberfestklassikern und handfester Partymusik, die sofort in die Beine geht. Wir bringen das Lebensgef\u00fchl der gro\u00dfen H\u00fcttengaudis in jede Location &hellip; <\/p>\n<p class=\"link-more\"><a href=\"https:\/\/pirschheidi.com\/2020\/pirschheidi-und-lorenz-bueffel-auf-dem-schorte-oktoberfest-am-11-10-%f0%9f%a5%b3%f0%9f%92%9d\/\" class=\"more-link\"><span class=\"screen-reader-text\">\u201ePirschheidi und Lorenz B\u00fcffel auf dem Schorte Oktoberfest am 11.10.!!! \ud83e\udd73\ud83d\udc9d\u201c <\/span>weiterlesen<\/a><\/p>\n","protected":false},"author":2,"featured_media":0,"comment_status":"closed","ping_status":"open","sticky":false,"template":"","format":"standard","meta":{"footnotes":""},"categories":[12,134,25,205,35,6,19],"tags":[301,305,23,307,308,302,303,108,304,81,7,53,15,106],"class_list":["post-1278","post","type-post","status-publish","format-standard","hentry","category-kunstler","category-liebe","category-location","category-musik","category-partner","category-schlager","category-show","tag-ballermann","tag-bier","tag-frank-heck","tag-gaudi","tag-lorenz-bueffel","tag-malle","tag-mallorca","tag-musik","tag-oktoberfest","tag-party","tag-pirschheidi","tag-pop","tag-show","tag-torsten-kuhn"],"_links":{"self":[{"href":"https:\/\/pirschheidi.com\/2020\/wp-json\/wp\/v2\/posts\/1278","targetHints":{"allow":["GET"]}}],"collection":[{"href":"https:\/\/pirschheidi.com\/2020\/wp-json\/wp\/v2\/posts"}],"about":[{"href":"https:\/\/pirschheidi.com\/2020\/wp-json\/wp\/v2\/types\/post"}],"author":[{"embeddable":true,"href":"https:\/\/pirschheidi.com\/2020\/wp-json\/wp\/v2\/users\/2"}],"replies":[{"embeddable":true,"href":"https:\/\/pirschheidi.com\/2020\/wp-json\/wp\/v2\/comments?post=1278"}],"version-history":[{"count":5,"href":"https:\/\/pirschheidi.com\/2020\/wp-json\/wp\/v2\/posts\/1278\/revisions"}],"predecessor-version":[{"id":1286,"href":"https:\/\/pirschheidi.com\/2020\/wp-json\/wp\/v2\/posts\/1278\/revisions\/1286"}],"wp:attachment":[{"href":"https:\/\/pirschheidi.com\/2020\/wp-json\/wp\/v2\/media?parent=1278"}],"wp:term":[{"taxonomy":"category","embeddable":true,"href":"https:\/\/pirschheidi.com\/2020\/wp-json\/wp\/v2\/categories?post=1278"},{"taxonomy":"post_tag","embeddable":true,"href":"https:\/\/pirschheidi.com\/2020\/wp-json\/wp\/v2\/tags?post=1278"}],"curies":[{"name":"wp","href":"https:\/\/api.w.org\/{rel}","templated":true}]}}