{"id":350,"date":"2019-04-09T07:22:13","date_gmt":"2019-04-09T05:22:13","guid":{"rendered":"https:\/\/www.pirschheidi.com\/2020\/?p=350"},"modified":"2020-12-04T14:27:00","modified_gmt":"2020-12-04T13:27:00","slug":"michelle","status":"publish","type":"post","link":"https:\/\/pirschheidi.com\/2020\/michelle\/","title":{"rendered":"MICHELLE"},"content":{"rendered":"\n<p>Mit ihrer unverwechselbaren M\u00e4dchenstimme und kraftvollem Popschlager rei\u00dft die potente Powerfrau derzeit eine prall gef\u00fcllte Halle nach der anderen ab.<\/p>\n\n\n\n<p>Aufgewachsen im Schwarzwald, wurde sie schon fr\u00fch ins Schlager-Business gerissen. Kristina Bach und Jean Frankfurter schrieben ihr seinerzeit &#8222;Und heut&#8216; Nacht will ich tanzen&#8220; auf den Leib.<\/p>\n\n\n\n<p>Unvergessen bleibt ihr Auftritt beim Eurovision Song Contest (vor 18 Jahren!) mit &#8222;Wer Liebe lebt&#8220;. Ihre zahlreichen Fans verehren sie abg\u00f6ttisch. Und selbst ihre Widersacher sind gezwungen, sie zu respektieren.<\/p>\n\n\n\n<p>Sie durchlebte so ziemlich alle H\u00f6hen und Tiefen, die einem im Leben begegnen k\u00f6nnen. Und &#8222;auf S\u00fcssholzgeraspel im Mondenschein&#8220; f\u00e4llt sie inzwischen nicht mehr herein. Ein Hit jagt den anderen.<\/p>\n\n\n\n<p>H\u00f6rtipps von&nbsp;<a href=\"https:\/\/www.facebook.com\/schlagerfrank\/?__tn__=K-R&amp;eid=ARBK_uKVTDABQreWumXJpABEK3yBg1eeqMKoJVIYHquEB_8Uisf0wgWGn_Ryd3YbaAhcNV3zGN943e2u&amp;fref=mentions&amp;__xts__%5B0%5D=68.ARBHN3eHxg0UwieTFgZ4TvsozKe4UiESDdUC5zNXcRdFJ5R5IAiIGHmydwutIwLohYiBVKcJ24jv9n-bWw1u88an22SzVb7rhxgbNCy13dtCfQBRJGNL9MKHeeUS-xRbisunGfeHu4eqXIaZiKw7bw891K0iq8p7QdY01K_Xk8lC3Z3XXKyFWKYJ6XoYSZkgzP4fV5u7yYZPzxsj2md1Zx37jmrxbUzLnHV3wSi1lFTb2YnatWM9U04Eg5_zhBAOaOn7lxki_p7Mv1C53RDESrZoIiOHJNE-dKXw7Grr6vCH3ISwlt9BtpE4cgAwKxPM45RnAxLRznf5Q51aisnwwpr5HCUB\" target=\"_blank\" rel=\"noopener\">Frank Heck<\/a>:<\/p>\n\n\n\n<ul class=\"wp-block-list\"><li>&#8222;Und heut&#8216; Nacht will ich tanzen&#8220;<\/li><li>&#8222;Dornr\u00f6schen ist aufgewacht&#8220;<\/li><li>&#8222;Idiot&#8220;<\/li><li>&#8222;Dein P\u00fcppchen tanzt nicht mehr&#8220;<\/li><li>&#8222;Herzstillstand&#8220;<\/li><li>&#8222;Paris&#8220;<\/li><li>&#8222;In 80 K\u00fcssen um die Welt&#8220;<\/li><li>&#8222;Nicht verdient&#8220;<\/li><li>&#8222;Meine Welt&#8220;<\/li><\/ul>\n\n\n\n<p>Die Essenz ihres Lebenswandels scheint gerade in einem Erfolg nach dem anderen zu kumulieren und wir sind gl\u00fccklich, diese k\u00f6nigliche Pirschheidi am 9.11. bei uns in Potsdam begr\u00fc\u00dfen zu d\u00fcrfen. Das wird ein Auftritt, den man sich nicht entgehen lassen darf und der auch Liebhabern anderer Musikgenres die notwendige Ausrede verschafft, mit der sie ihr &#8222;Fremdgehen&#8220; begr\u00fcnden k\u00f6nnen.<\/p>\n\n\n\n<figure class=\"wp-block-image\"><img decoding=\"async\" data-src=\"https:\/\/scontent-frt3-2.xx.fbcdn.net\/v\/t1.0-9\/56980657_1353666458130510_3296538217456599040_o.jpg?_nc_cat=103&amp;_nc_ohc=PSLvfZezbn0AX8aO4Np&amp;_nc_ht=scontent-frt3-2.xx&amp;oh=50ff87fddcdd450b911ae3c261011c4b&amp;oe=5EC30481\" alt=\"\" src=\"data:image\/svg+xml;base64,PHN2ZyB3aWR0aD0iMSIgaGVpZ2h0PSIxIiB4bWxucz0iaHR0cDovL3d3dy53My5vcmcvMjAwMC9zdmciPjwvc3ZnPg==\" class=\"lazyload\" \/><\/figure>\n","protected":false},"excerpt":{"rendered":"<p>Mit ihrer unverwechselbaren M\u00e4dchenstimme und kraftvollem Popschlager rei\u00dft die potente Powerfrau derzeit eine prall gef\u00fcllte Halle nach der anderen ab. Aufgewachsen im Schwarzwald, wurde sie schon fr\u00fch ins Schlager-Business gerissen. Kristina Bach und Jean Frankfurter schrieben ihr seinerzeit &#8222;Und heut&#8216; Nacht will ich tanzen&#8220; auf den Leib. Unvergessen bleibt ihr Auftritt beim Eurovision Song Contest &hellip; <\/p>\n<p class=\"link-more\"><a href=\"https:\/\/pirschheidi.com\/2020\/michelle\/\" class=\"more-link\"><span class=\"screen-reader-text\">\u201eMICHELLE\u201c <\/span>weiterlesen<\/a><\/p>\n","protected":false},"author":2,"featured_media":0,"comment_status":"closed","ping_status":"open","sticky":false,"template":"","format":"standard","meta":{"footnotes":""},"categories":[12,6,19],"tags":[70,67,69,68,65,62,63,64,66],"class_list":["post-350","post","type-post","status-publish","format-standard","hentry","category-kunstler","category-schlager","category-show","tag-auftritt","tag-contest","tag-erfolg","tag-esc","tag-eurovision","tag-michelle","tag-popschlager","tag-powerfrau","tag-song"],"_links":{"self":[{"href":"https:\/\/pirschheidi.com\/2020\/wp-json\/wp\/v2\/posts\/350","targetHints":{"allow":["GET"]}}],"collection":[{"href":"https:\/\/pirschheidi.com\/2020\/wp-json\/wp\/v2\/posts"}],"about":[{"href":"https:\/\/pirschheidi.com\/2020\/wp-json\/wp\/v2\/types\/post"}],"author":[{"embeddable":true,"href":"https:\/\/pirschheidi.com\/2020\/wp-json\/wp\/v2\/users\/2"}],"replies":[{"embeddable":true,"href":"https:\/\/pirschheidi.com\/2020\/wp-json\/wp\/v2\/comments?post=350"}],"version-history":[{"count":1,"href":"https:\/\/pirschheidi.com\/2020\/wp-json\/wp\/v2\/posts\/350\/revisions"}],"predecessor-version":[{"id":351,"href":"https:\/\/pirschheidi.com\/2020\/wp-json\/wp\/v2\/posts\/350\/revisions\/351"}],"wp:attachment":[{"href":"https:\/\/pirschheidi.com\/2020\/wp-json\/wp\/v2\/media?parent=350"}],"wp:term":[{"taxonomy":"category","embeddable":true,"href":"https:\/\/pirschheidi.com\/2020\/wp-json\/wp\/v2\/categories?post=350"},{"taxonomy":"post_tag","embeddable":true,"href":"https:\/\/pirschheidi.com\/2020\/wp-json\/wp\/v2\/tags?post=350"}],"curies":[{"name":"wp","href":"https:\/\/api.w.org\/{rel}","templated":true}]}}