{"id":359,"date":"2019-04-11T07:33:48","date_gmt":"2019-04-11T05:33:48","guid":{"rendered":"https:\/\/www.pirschheidi.com\/2020\/?p=359"},"modified":"2020-12-04T14:26:59","modified_gmt":"2020-12-04T13:26:59","slug":"vincent-gross-22-verlaufen","status":"publish","type":"post","link":"https:\/\/pirschheidi.com\/2020\/vincent-gross-22-verlaufen\/","title":{"rendered":"Vincent Gross (22) verlaufen"},"content":{"rendered":"\n<p>Der sympathische S\u00e4nger&nbsp;<a href=\"https:\/\/www.facebook.com\/VincentGrossMusic\/?__tn__=K-R&amp;eid=ARAP4mvLRpog_0bQP3MGW8jtDpn7WZXVjXTRDayADkglQWkHmYfwS9fRkR3Yxpz-FlRutH9LF2IH8kOP&amp;fref=mentions&amp;__xts__%5B0%5D=68.ARDT6uBQflcnp-W8jNV1_S5P7vNKtQ0gPgveYxXfHgls71HKx1Vn4BHHajxZLenXjr-9frG3UAnconk15gI1nWJDBY2VgROctEH5CW4uVS18qUnQQ1QFoFjVssuNZjwBiw2QLuZYY91WhL7U92sM8RH3IdzI6AGHd2SnmH7lmqR8L1fSgcv0Fvt1rN5PfG6T8R8hJ-HhyfiAbYlQ1GVcSq-i8B3-C2qA7H3CvimxogjgT9DcWmeIXR7xjgOWiVIK6pijUpRTuPd4UhP2GkMlOuPXkewDQ9_2VltCPyly3UyiF71zOLCqttGmsox-6u6rXJ5B_jyoI60vCREIvdIZWxTOklZdHUNQ7HVP78F4\" target=\"_blank\" rel=\"noopener\">Vincent Gross<\/a>&nbsp;hat sich im Alter von 22 Jahren verlaufen.<\/p>\n\n\n\n<p>Anfang des Jahres machte er sich zu Fu\u00df auf den Weg zu seinen Freunden nach Potsdam. Seine letzte Nachricht zeigte ihn noch fr\u00f6hlich wandernd in einem Wald in der Schweiz. Nun folgte die ersch\u00fctternde Wahrheit:&nbsp;<a href=\"https:\/\/www.facebook.com\/VincentGrossMusic\/?__tn__=K-R&amp;eid=ARDzEJKLLShTMfWEPdLhh0-6O9QZA1kOY_FCfLRcfFDM-Qs3IicCRxw9ZHLpcqtmTZsg0hgWvOSKHgsP&amp;fref=mentions&amp;__xts__%5B0%5D=68.ARDT6uBQflcnp-W8jNV1_S5P7vNKtQ0gPgveYxXfHgls71HKx1Vn4BHHajxZLenXjr-9frG3UAnconk15gI1nWJDBY2VgROctEH5CW4uVS18qUnQQ1QFoFjVssuNZjwBiw2QLuZYY91WhL7U92sM8RH3IdzI6AGHd2SnmH7lmqR8L1fSgcv0Fvt1rN5PfG6T8R8hJ-HhyfiAbYlQ1GVcSq-i8B3-C2qA7H3CvimxogjgT9DcWmeIXR7xjgOWiVIK6pijUpRTuPd4UhP2GkMlOuPXkewDQ9_2VltCPyly3UyiF71zOLCqttGmsox-6u6rXJ5B_jyoI60vCREIvdIZWxTOklZdHUNQ7HVP78F4\" target=\"_blank\" rel=\"noopener\">Vincent Gross<\/a>&nbsp;hat sich verlaufen!<\/p>\n\n\n\n<p>Untersuchungen ergaben, dass sich der junge Mann, dessen aktuelle Single &#8222;Nicht allein sein&#8220; einen Rekord nach dem anderen bricht, wohl unbewusst auf einer F\u00e4hre in Richtung zu den Kanarischen Inseln wiederfand. Dort angekommen, strandete er auf Gran Canaria, wie ein aktuelles Video von ihm beweist.<\/p>\n\n\n\n<p>Doch seine Freunde haben nicht vor, ihn im Stich zu lassen. &#8222;Wir werden pr\u00fcfen, inwieweit wir einen Weg finden, ihm entgegenzukommen&#8220;, meint&nbsp;<a href=\"https:\/\/www.facebook.com\/schlagerfrank\/?__tn__=K-R&amp;eid=ARCKl1nVklkdRIaWBA5JNI2IneI5L5mI1zQEtXzMfc8yD6RCnqTfjhoZvzPd0C3DSIJ6BlHODIzP-OGf&amp;fref=mentions&amp;__xts__%5B0%5D=68.ARDT6uBQflcnp-W8jNV1_S5P7vNKtQ0gPgveYxXfHgls71HKx1Vn4BHHajxZLenXjr-9frG3UAnconk15gI1nWJDBY2VgROctEH5CW4uVS18qUnQQ1QFoFjVssuNZjwBiw2QLuZYY91WhL7U92sM8RH3IdzI6AGHd2SnmH7lmqR8L1fSgcv0Fvt1rN5PfG6T8R8hJ-HhyfiAbYlQ1GVcSq-i8B3-C2qA7H3CvimxogjgT9DcWmeIXR7xjgOWiVIK6pijUpRTuPd4UhP2GkMlOuPXkewDQ9_2VltCPyly3UyiF71zOLCqttGmsox-6u6rXJ5B_jyoI60vCREIvdIZWxTOklZdHUNQ7HVP78F4\" target=\"_blank\" rel=\"noopener\">Frank Heck<\/a>&nbsp;vom&nbsp;<a href=\"https:\/\/www.facebook.com\/pirschheidi\/?__tn__=K-R&amp;eid=ARCKO7sp_BmgbBv8u_2OkwoUsQuC1MMBXziEWyHPjaCJx8OeTTWh6d5wh9aNHwn4CWD4oseV2b-GKqY9&amp;fref=mentions&amp;__xts__%5B0%5D=68.ARDT6uBQflcnp-W8jNV1_S5P7vNKtQ0gPgveYxXfHgls71HKx1Vn4BHHajxZLenXjr-9frG3UAnconk15gI1nWJDBY2VgROctEH5CW4uVS18qUnQQ1QFoFjVssuNZjwBiw2QLuZYY91WhL7U92sM8RH3IdzI6AGHd2SnmH7lmqR8L1fSgcv0Fvt1rN5PfG6T8R8hJ-HhyfiAbYlQ1GVcSq-i8B3-C2qA7H3CvimxogjgT9DcWmeIXR7xjgOWiVIK6pijUpRTuPd4UhP2GkMlOuPXkewDQ9_2VltCPyly3UyiF71zOLCqttGmsox-6u6rXJ5B_jyoI60vCREIvdIZWxTOklZdHUNQ7HVP78F4\" target=\"_blank\" rel=\"noopener\">Pirschheidi<\/a>-Team. Und sein Kompagnon&nbsp;<a href=\"https:\/\/www.facebook.com\/schlagertorsten\/?__tn__=K-R&amp;eid=ARBWhG7_Emz-cq2ShAzKMTgMEcEbinTOAzizyMfwj875oB4jwMIF_yHEsEyui2qEbBpEnIddrOWh3Rr0&amp;fref=mentions&amp;__xts__%5B0%5D=68.ARDT6uBQflcnp-W8jNV1_S5P7vNKtQ0gPgveYxXfHgls71HKx1Vn4BHHajxZLenXjr-9frG3UAnconk15gI1nWJDBY2VgROctEH5CW4uVS18qUnQQ1QFoFjVssuNZjwBiw2QLuZYY91WhL7U92sM8RH3IdzI6AGHd2SnmH7lmqR8L1fSgcv0Fvt1rN5PfG6T8R8hJ-HhyfiAbYlQ1GVcSq-i8B3-C2qA7H3CvimxogjgT9DcWmeIXR7xjgOWiVIK6pijUpRTuPd4UhP2GkMlOuPXkewDQ9_2VltCPyly3UyiF71zOLCqttGmsox-6u6rXJ5B_jyoI60vCREIvdIZWxTOklZdHUNQ7HVP78F4\" target=\"_blank\" rel=\"noopener\">Torsten Kuhn<\/a>&nbsp;pflichtet ihm bei: &#8222;Vielleicht schaffen wir es bis Lanzarote.&#8220;<\/p>\n\n\n\n<p>Wir hoffen,&nbsp;<a href=\"https:\/\/www.facebook.com\/VincentGrossMusic\/?__tn__=K-R&amp;eid=ARB3sIS6KMF397TMA-PsqSxGBuin8eN0ny7UbhFiBJI60vsULLLgZeZBGKETobgfOwkF7ikcnOb_FYHS&amp;fref=mentions&amp;__xts__%5B0%5D=68.ARDT6uBQflcnp-W8jNV1_S5P7vNKtQ0gPgveYxXfHgls71HKx1Vn4BHHajxZLenXjr-9frG3UAnconk15gI1nWJDBY2VgROctEH5CW4uVS18qUnQQ1QFoFjVssuNZjwBiw2QLuZYY91WhL7U92sM8RH3IdzI6AGHd2SnmH7lmqR8L1fSgcv0Fvt1rN5PfG6T8R8hJ-HhyfiAbYlQ1GVcSq-i8B3-C2qA7H3CvimxogjgT9DcWmeIXR7xjgOWiVIK6pijUpRTuPd4UhP2GkMlOuPXkewDQ9_2VltCPyly3UyiF71zOLCqttGmsox-6u6rXJ5B_jyoI60vCREIvdIZWxTOklZdHUNQ7HVP78F4\" target=\"_blank\" rel=\"noopener\">Vincent Gross<\/a>&nbsp;h\u00e4lt bis dahin durch.<\/p>\n\n\n\n<figure class=\"wp-block-embed-facebook wp-block-embed is-type-video is-provider-facebook\"><div class=\"wp-block-embed__wrapper\">\nhttps:\/\/www.facebook.com\/pirschheidi\/videos\/674079806355960\/\n<\/div><\/figure>\n","protected":false},"excerpt":{"rendered":"<p>Der sympathische S\u00e4nger&nbsp;Vincent Gross&nbsp;hat sich im Alter von 22 Jahren verlaufen. Anfang des Jahres machte er sich zu Fu\u00df auf den Weg zu seinen Freunden nach Potsdam. Seine letzte Nachricht zeigte ihn noch fr\u00f6hlich wandernd in einem Wald in der Schweiz. Nun folgte die ersch\u00fctternde Wahrheit:&nbsp;Vincent Gross&nbsp;hat sich verlaufen! Untersuchungen ergaben, dass sich der junge &hellip; <\/p>\n<p class=\"link-more\"><a href=\"https:\/\/pirschheidi.com\/2020\/vincent-gross-22-verlaufen\/\" class=\"more-link\"><span class=\"screen-reader-text\">\u201eVincent Gross (22) verlaufen\u201c <\/span>weiterlesen<\/a><\/p>\n","protected":false},"author":2,"featured_media":0,"comment_status":"closed","ping_status":"open","sticky":false,"template":"","format":"standard","meta":{"footnotes":""},"categories":[12,6],"tags":[91,92,85,89,28,10,90,87,84,88,86],"class_list":["post-359","post","type-post","status-publish","format-standard","hentry","category-kunstler","category-schlager","tag-gran-canaria","tag-kanaren","tag-kunstler","tag-lanzarote","tag-potsdam","tag-sanger","tag-schweiz","tag-shoutout","tag-vencint-gross","tag-verlaufen","tag-video"],"_links":{"self":[{"href":"https:\/\/pirschheidi.com\/2020\/wp-json\/wp\/v2\/posts\/359","targetHints":{"allow":["GET"]}}],"collection":[{"href":"https:\/\/pirschheidi.com\/2020\/wp-json\/wp\/v2\/posts"}],"about":[{"href":"https:\/\/pirschheidi.com\/2020\/wp-json\/wp\/v2\/types\/post"}],"author":[{"embeddable":true,"href":"https:\/\/pirschheidi.com\/2020\/wp-json\/wp\/v2\/users\/2"}],"replies":[{"embeddable":true,"href":"https:\/\/pirschheidi.com\/2020\/wp-json\/wp\/v2\/comments?post=359"}],"version-history":[{"count":3,"href":"https:\/\/pirschheidi.com\/2020\/wp-json\/wp\/v2\/posts\/359\/revisions"}],"predecessor-version":[{"id":395,"href":"https:\/\/pirschheidi.com\/2020\/wp-json\/wp\/v2\/posts\/359\/revisions\/395"}],"wp:attachment":[{"href":"https:\/\/pirschheidi.com\/2020\/wp-json\/wp\/v2\/media?parent=359"}],"wp:term":[{"taxonomy":"category","embeddable":true,"href":"https:\/\/pirschheidi.com\/2020\/wp-json\/wp\/v2\/categories?post=359"},{"taxonomy":"post_tag","embeddable":true,"href":"https:\/\/pirschheidi.com\/2020\/wp-json\/wp\/v2\/tags?post=359"}],"curies":[{"name":"wp","href":"https:\/\/api.w.org\/{rel}","templated":true}]}}