{"id":362,"date":"2020-02-09T07:45:00","date_gmt":"2020-02-09T06:45:00","guid":{"rendered":"https:\/\/www.pirschheidi.com\/2020\/?p=362"},"modified":"2020-12-04T14:26:53","modified_gmt":"2020-12-04T13:26:53","slug":"das-war-sie-die-grose-pirschheidi-gala-am-9-november","status":"publish","type":"post","link":"https:\/\/pirschheidi.com\/2020\/das-war-sie-die-grose-pirschheidi-gala-am-9-november\/","title":{"rendered":"Das war sie: die gro\u00dfe Pirschheidi-Gala am 9. November"},"content":{"rendered":"\n<!-- Global site tag (gtag.js) - Google Analytics -->\n<script async=\"\" src=\"https:\/\/www.googletagmanager.com\/gtag\/js?id=UA-124078737-1\"><\/script>\n<script>\n  window.dataLayer = window.dataLayer || [];\n  function gtag(){dataLayer.push(arguments);}\n  gtag('js', new Date());\n\n  gtag('config', 'UA-124078737-1');\n<\/script>\n\n\n\n<p>Das war sie: die gro\u00dfe Pirschheidi-Gala am 9. November letzten Jahres in der Metropolis Halle in Potsdam.<\/p>\n\n\n\n<p>Auch wenn man es uns nicht glauben will, haben wir knapp anderthalb Jahre darauf hingearbeitet. Es sind Pl\u00e4ne entworfen und verworfen worden.<\/p>\n\n\n\n<p>Wir schwelgten in unfassbarem Gl\u00fcck und ersoffen fast in den ungl\u00fccklichsten Tr\u00e4nenstr\u00f6men, die ihr euch vorstellen k\u00f6nnt, weil so manches dann doch nicht klappte, wie wir es uns erhofft hatten.<\/p>\n\n\n\n<p>Am Ende ging das zauberhafte Ding dennoch \u00fcber die B\u00fchne. Wir erlebten die in unseren Augen gro\u00dfartigsten K\u00fcnstler der Gegenwart und durften exzellente Show-Kunst bewundern. Und das mit einem grandiosen Publikum, welches mitfieberte, mitfeierte und diese Nacht zu einem unvergesslichen Meilenstein in der Schlagergeschichte machte.<\/p>\n\n\n\n<p>Dieser Zusammenschnitt zeigt nur Ausschnitte, aber ihr k\u00f6nnt ansatzweise erkennen, wie viel Liebe und Herzblut in der Produktion steckt. Habt Dank f\u00fcr eure Treue und beim n\u00e4chsten Mal seid ihr hoffentlich alle dabei!<\/p>\n\n\n\n<figure class=\"wp-block-embed-youtube wp-block-embed is-type-video is-provider-youtube wp-embed-aspect-16-9 wp-has-aspect-ratio\"><div class=\"wp-block-embed__wrapper\">\n<iframe title=\"Pirschheidi-Gala am 9. November in der Metropolis Halle Potsdam\" width=\"525\" height=\"295\" data-src=\"https:\/\/www.youtube.com\/embed\/MJH64P5KABg?feature=oembed\" frameborder=\"0\" allow=\"accelerometer; autoplay; clipboard-write; encrypted-media; gyroscope; picture-in-picture; web-share\" referrerpolicy=\"strict-origin-when-cross-origin\" allowfullscreen src=\"data:image\/svg+xml;base64,PHN2ZyB3aWR0aD0iMSIgaGVpZ2h0PSIxIiB4bWxucz0iaHR0cDovL3d3dy53My5vcmcvMjAwMC9zdmciPjwvc3ZnPg==\" class=\"lazyload\" data-load-mode=\"1\"><\/iframe>\n<\/div><\/figure>\n","protected":false},"excerpt":{"rendered":"<p>Das war sie: die gro\u00dfe Pirschheidi-Gala am 9. November letzten Jahres in der Metropolis Halle in Potsdam. Auch wenn man es uns nicht glauben will, haben wir knapp anderthalb Jahre darauf hingearbeitet. Es sind Pl\u00e4ne entworfen und verworfen worden. Wir schwelgten in unfassbarem Gl\u00fcck und ersoffen fast in den ungl\u00fccklichsten Tr\u00e4nenstr\u00f6men, die ihr euch vorstellen &hellip; <\/p>\n<p class=\"link-more\"><a href=\"https:\/\/pirschheidi.com\/2020\/das-war-sie-die-grose-pirschheidi-gala-am-9-november\/\" class=\"more-link\"><span class=\"screen-reader-text\">\u201eDas war sie: die gro\u00dfe Pirschheidi-Gala am 9. November\u201c <\/span>weiterlesen<\/a><\/p>\n","protected":false},"author":2,"featured_media":0,"comment_status":"closed","ping_status":"open","sticky":false,"template":"","format":"standard","meta":{"footnotes":""},"categories":[25,6,19],"tags":[94,99,96,85,7,95,98,97,100,86,93],"class_list":["post-362","post","type-post","status-publish","format-standard","hentry","category-location","category-schlager","category-show","tag-acts","tag-dank","tag-gluck","tag-kunstler","tag-pirschheidi","tag-plane","tag-produktion","tag-tranen","tag-treue","tag-video","tag-zusammenfassung"],"_links":{"self":[{"href":"https:\/\/pirschheidi.com\/2020\/wp-json\/wp\/v2\/posts\/362","targetHints":{"allow":["GET"]}}],"collection":[{"href":"https:\/\/pirschheidi.com\/2020\/wp-json\/wp\/v2\/posts"}],"about":[{"href":"https:\/\/pirschheidi.com\/2020\/wp-json\/wp\/v2\/types\/post"}],"author":[{"embeddable":true,"href":"https:\/\/pirschheidi.com\/2020\/wp-json\/wp\/v2\/users\/2"}],"replies":[{"embeddable":true,"href":"https:\/\/pirschheidi.com\/2020\/wp-json\/wp\/v2\/comments?post=362"}],"version-history":[{"count":2,"href":"https:\/\/pirschheidi.com\/2020\/wp-json\/wp\/v2\/posts\/362\/revisions"}],"predecessor-version":[{"id":426,"href":"https:\/\/pirschheidi.com\/2020\/wp-json\/wp\/v2\/posts\/362\/revisions\/426"}],"wp:attachment":[{"href":"https:\/\/pirschheidi.com\/2020\/wp-json\/wp\/v2\/media?parent=362"}],"wp:term":[{"taxonomy":"category","embeddable":true,"href":"https:\/\/pirschheidi.com\/2020\/wp-json\/wp\/v2\/categories?post=362"},{"taxonomy":"post_tag","embeddable":true,"href":"https:\/\/pirschheidi.com\/2020\/wp-json\/wp\/v2\/tags?post=362"}],"curies":[{"name":"wp","href":"https:\/\/api.w.org\/{rel}","templated":true}]}}