{"id":812,"date":"2023-04-21T10:23:14","date_gmt":"2023-04-21T08:23:14","guid":{"rendered":"https:\/\/www.pirschheidi.com\/2020\/?p=812"},"modified":"2023-04-21T10:23:14","modified_gmt":"2023-04-21T08:23:14","slug":"pirschheidi-goes-sommer","status":"publish","type":"post","link":"https:\/\/pirschheidi.com\/2020\/pirschheidi-goes-sommer\/","title":{"rendered":"Pirschheidi goes Sommer"},"content":{"rendered":"\n<p>Es ist still um uns geworden.<\/p>\n\n\n\n<p>Das hat seine Gr\u00fcnde. In diesem Jahr setzen wir auf Qualit\u00e4t wider Quantit\u00e4t.<\/p>\n\n\n\n<p>Statt vieler Nebenbei-Pirschheidis wird es in diesem Jahr wenige, aber daf\u00fcr richtig gro\u00dfe Knaller geben.<\/p>\n\n\n\n<p>Erlebt mit uns die liebevollen, witzigen, pathetischen und energiegeladenen Seiten des deutschen Schlagers. Begleiten werden uns K\u00fcnstler, deren Schlagerseele intakt ist und derer Herzen seit Jahren in Tanzrhythmen schlagen.<\/p>\n\n\n\n<p>Wir lieben unter anderen die maritime Seite Potsdams sehr. Und so werden wir uns definitiv am Wasser wiederbegegnen.<\/p>\n\n\n\n<p>Die erste gro\u00dfe Sommer-Pirschheidi feuern wir deswegen am 8.7. ab. Save the Date!<\/p>\n\n\n\n<p>Wo genau, das verraten wir noch nicht. Aber nach und nach werden wir auf diesem Kanal das Geheimnis l\u00fcften.<\/p>\n\n\n\n<figure class=\"wp-block-image size-large\"><img decoding=\"async\" width=\"1024\" height=\"1024\" data-src=\"https:\/\/www.pirschheidi.com\/2020\/wp-content\/uploads\/2023\/04\/21F15854-D008-4DE2-BDCA-0D9913C513D4-1024x1024.jpeg\" alt=\"\" class=\"wp-image-813 lazyload\" data-srcset=\"https:\/\/pirschheidi.com\/2020\/wp-content\/uploads\/2023\/04\/21F15854-D008-4DE2-BDCA-0D9913C513D4-1024x1024.jpeg 1024w, https:\/\/pirschheidi.com\/2020\/wp-content\/uploads\/2023\/04\/21F15854-D008-4DE2-BDCA-0D9913C513D4-300x300.jpeg 300w, https:\/\/pirschheidi.com\/2020\/wp-content\/uploads\/2023\/04\/21F15854-D008-4DE2-BDCA-0D9913C513D4-150x150.jpeg 150w, https:\/\/pirschheidi.com\/2020\/wp-content\/uploads\/2023\/04\/21F15854-D008-4DE2-BDCA-0D9913C513D4-768x768.jpeg 768w, https:\/\/pirschheidi.com\/2020\/wp-content\/uploads\/2023\/04\/21F15854-D008-4DE2-BDCA-0D9913C513D4-100x100.jpeg 100w, https:\/\/pirschheidi.com\/2020\/wp-content\/uploads\/2023\/04\/21F15854-D008-4DE2-BDCA-0D9913C513D4.jpeg 1440w\" data-sizes=\"(max-width: 767px) 89vw, (max-width: 1000px) 54vw, (max-width: 1071px) 543px, 580px\" src=\"data:image\/svg+xml;base64,PHN2ZyB3aWR0aD0iMSIgaGVpZ2h0PSIxIiB4bWxucz0iaHR0cDovL3d3dy53My5vcmcvMjAwMC9zdmciPjwvc3ZnPg==\" style=\"--smush-placeholder-width: 1024px; --smush-placeholder-aspect-ratio: 1024\/1024;\" \/><\/figure>\n\n\n\n<p>Und eines k\u00f6nnen wir versprechen: euch erwartet ein fulminantes Feierwerk in bisher ungeahnter Pirschheidi-Manier.<\/p>\n","protected":false},"excerpt":{"rendered":"<p>Es ist still um uns geworden. Das hat seine Gr\u00fcnde. In diesem Jahr setzen wir auf Qualit\u00e4t wider Quantit\u00e4t. Statt vieler Nebenbei-Pirschheidis wird es in diesem Jahr wenige, aber daf\u00fcr richtig gro\u00dfe Knaller geben. Erlebt mit uns die liebevollen, witzigen, pathetischen und energiegeladenen Seiten des deutschen Schlagers. Begleiten werden uns K\u00fcnstler, deren Schlagerseele intakt ist &hellip; <\/p>\n<p class=\"link-more\"><a href=\"https:\/\/pirschheidi.com\/2020\/pirschheidi-goes-sommer\/\" class=\"more-link\"><span class=\"screen-reader-text\">\u201ePirschheidi goes Sommer\u201c <\/span>weiterlesen<\/a><\/p>\n","protected":false},"author":2,"featured_media":0,"comment_status":"closed","ping_status":"open","sticky":false,"template":"","format":"standard","meta":{"footnotes":""},"categories":[12,134,25,205],"tags":[108,81,7,28,8,15],"class_list":["post-812","post","type-post","status-publish","format-standard","hentry","category-kunstler","category-liebe","category-location","category-musik","tag-musik","tag-party","tag-pirschheidi","tag-potsdam","tag-schlager","tag-show"],"_links":{"self":[{"href":"https:\/\/pirschheidi.com\/2020\/wp-json\/wp\/v2\/posts\/812","targetHints":{"allow":["GET"]}}],"collection":[{"href":"https:\/\/pirschheidi.com\/2020\/wp-json\/wp\/v2\/posts"}],"about":[{"href":"https:\/\/pirschheidi.com\/2020\/wp-json\/wp\/v2\/types\/post"}],"author":[{"embeddable":true,"href":"https:\/\/pirschheidi.com\/2020\/wp-json\/wp\/v2\/users\/2"}],"replies":[{"embeddable":true,"href":"https:\/\/pirschheidi.com\/2020\/wp-json\/wp\/v2\/comments?post=812"}],"version-history":[{"count":1,"href":"https:\/\/pirschheidi.com\/2020\/wp-json\/wp\/v2\/posts\/812\/revisions"}],"predecessor-version":[{"id":814,"href":"https:\/\/pirschheidi.com\/2020\/wp-json\/wp\/v2\/posts\/812\/revisions\/814"}],"wp:attachment":[{"href":"https:\/\/pirschheidi.com\/2020\/wp-json\/wp\/v2\/media?parent=812"}],"wp:term":[{"taxonomy":"category","embeddable":true,"href":"https:\/\/pirschheidi.com\/2020\/wp-json\/wp\/v2\/categories?post=812"},{"taxonomy":"post_tag","embeddable":true,"href":"https:\/\/pirschheidi.com\/2020\/wp-json\/wp\/v2\/tags?post=812"}],"curies":[{"name":"wp","href":"https:\/\/api.w.org\/{rel}","templated":true}]}}