{"id":883,"date":"2023-07-04T15:01:20","date_gmt":"2023-07-04T13:01:20","guid":{"rendered":"https:\/\/www.pirschheidi.com\/2020\/?p=883"},"modified":"2023-07-04T15:01:20","modified_gmt":"2023-07-04T13:01:20","slug":"patricia-larrass-kommt-nach-potsdam-%f0%9f%98%b1%f0%9f%92%95","status":"publish","type":"post","link":"https:\/\/pirschheidi.com\/2020\/patricia-larrass-kommt-nach-potsdam-%f0%9f%98%b1%f0%9f%92%95\/","title":{"rendered":"P\ufeffatricia Larrass kommt nach Potsdam! \ud83d\ude31\ud83d\udc95"},"content":{"rendered":"\n<figure class=\"wp-block-image size-large\"><img decoding=\"async\" width=\"1024\" height=\"536\" data-src=\"https:\/\/www.pirschheidi.com\/2020\/wp-content\/uploads\/2023\/07\/20230721-Facebook-Teaser-1024x536.png\" alt=\"\" class=\"wp-image-886 lazyload\" data-srcset=\"https:\/\/pirschheidi.com\/2020\/wp-content\/uploads\/2023\/07\/20230721-Facebook-Teaser-1024x536.png 1024w, https:\/\/pirschheidi.com\/2020\/wp-content\/uploads\/2023\/07\/20230721-Facebook-Teaser-300x157.png 300w, https:\/\/pirschheidi.com\/2020\/wp-content\/uploads\/2023\/07\/20230721-Facebook-Teaser-768x402.png 768w, https:\/\/pirschheidi.com\/2020\/wp-content\/uploads\/2023\/07\/20230721-Facebook-Teaser.png 1200w\" data-sizes=\"(max-width: 767px) 89vw, (max-width: 1000px) 54vw, (max-width: 1071px) 543px, 580px\" src=\"data:image\/svg+xml;base64,PHN2ZyB3aWR0aD0iMSIgaGVpZ2h0PSIxIiB4bWxucz0iaHR0cDovL3d3dy53My5vcmcvMjAwMC9zdmciPjwvc3ZnPg==\" style=\"--smush-placeholder-width: 1024px; --smush-placeholder-aspect-ratio: 1024\/536;\" \/><\/figure>\n\n\n\n<p>F\ufeffeiere mit ihr und uns den Sommer an einer der sch\u00f6nsten Sommer-Locations &#8211; der Marina am Tiefen See. \ud83d\udc33\ud83d\udca6<\/p>\n\n\n\n<p>T\ufeffanze dir die F\u00fc\u00dfe wund im hei\u00dfen Strandsand und tauche sie anschlie\u00dfend ins k\u00fchle Nass. Den Rest \u00fcbernimmt der leckere Cocktail in deinen H\u00e4nden. \ud83c\udf79<\/p>\n\n\n\n<p>D\ufeffas wird eine Knaller-Pirschheidi mit all unseren Aktionen und den bekannten Evergreens, die wir so sehr lieben. \ud83c\udf88\ud83c\udf89<\/p>\n\n\n\n<p>Und wenn man Charme, Temperament und eine tiefe Leidenschaft f\u00fcr den deutschen Schlager zusammenmischt, dann kommt man an ihr nicht vorbei: Patricia Larrass. \ud83d\udc78<\/p>\n\n\n\n<p>Sie bezaubert die Menschen mit ihrer Musik und steht f\u00fcr gute Laune, Nat\u00fcrlichkeit und Schlagerfeeling pur. \ud83c\udfb6\ud83d\udc96<\/p>\n\n\n\n<p>W\ufeffir k\u00f6nnen nicht mehr z\u00e4hlen, wie oft sie mit uns zusammen gefeiert hat und es waren jedes Mal immer wieder gro\u00dfartige Momente, in denen sie auf unserer B\u00fchne alle Anwesenden bezaubert hat. \u2728<\/p>\n\n\n\n<p>E\ufeffndlich ist es wieder so weit und wir k\u00f6nnen es kaum erwarten, euch zusammen mit dieser tollen Frau zu bespa\u00dfen. \ud83d\udc83\u2764\ufe0f\ud83d\udd7a<\/p>\n\n\n\n<p>D\ufeffas Kartenkontingent ist auf Grund der kleinen Location stark begrenzt. Also greift zu! \ud83c\udfab<\/p>\n\n\n\n<p><a href=\"http:\/\/www.patricia-larrass.de\" target=\"_blank\" rel=\"noreferrer noopener\">www.patricia-larrass.de<\/a><br><a href=\"http:\/\/www.marina-am-tiefen-see.de\" target=\"_blank\" rel=\"noreferrer noopener\">www.marina-am-tiefen-see.de<\/a><br><a href=\"http:\/\/www.pirschheidi.de\" target=\"_blank\" rel=\"noreferrer noopener\">www.pirschheidi.de<\/a><\/p>\n\n\n\n<p>Veranstalter und Location:<br>Marina am Tiefen See<br>Schiffbauergasse 8<br>14467 Potsdam<\/p>\n\n\n\n<figure class=\"wp-block-image size-large\"><img decoding=\"async\" width=\"768\" height=\"1024\" data-src=\"https:\/\/www.pirschheidi.com\/2020\/wp-content\/uploads\/2023\/07\/Patricia2-768x1024.jpeg\" alt=\"\" class=\"wp-image-884 lazyload\" data-srcset=\"https:\/\/pirschheidi.com\/2020\/wp-content\/uploads\/2023\/07\/Patricia2-768x1024.jpeg 768w, https:\/\/pirschheidi.com\/2020\/wp-content\/uploads\/2023\/07\/Patricia2-225x300.jpeg 225w, https:\/\/pirschheidi.com\/2020\/wp-content\/uploads\/2023\/07\/Patricia2-1152x1536.jpeg 1152w, https:\/\/pirschheidi.com\/2020\/wp-content\/uploads\/2023\/07\/Patricia2.jpeg 1260w\" data-sizes=\"(max-width: 767px) 89vw, (max-width: 1000px) 54vw, (max-width: 1071px) 543px, 580px\" src=\"data:image\/svg+xml;base64,PHN2ZyB3aWR0aD0iMSIgaGVpZ2h0PSIxIiB4bWxucz0iaHR0cDovL3d3dy53My5vcmcvMjAwMC9zdmciPjwvc3ZnPg==\" style=\"--smush-placeholder-width: 768px; --smush-placeholder-aspect-ratio: 768\/1024;\" \/><\/figure>\n\n\n\n<figure class=\"wp-block-image size-large\"><img decoding=\"async\" width=\"1024\" height=\"1024\" data-src=\"https:\/\/www.pirschheidi.com\/2020\/wp-content\/uploads\/2023\/07\/Patricia-1024x1024.jpg\" alt=\"\" class=\"wp-image-885 lazyload\" data-srcset=\"https:\/\/pirschheidi.com\/2020\/wp-content\/uploads\/2023\/07\/Patricia-1024x1024.jpg 1024w, https:\/\/pirschheidi.com\/2020\/wp-content\/uploads\/2023\/07\/Patricia-300x300.jpg 300w, https:\/\/pirschheidi.com\/2020\/wp-content\/uploads\/2023\/07\/Patricia-150x150.jpg 150w, https:\/\/pirschheidi.com\/2020\/wp-content\/uploads\/2023\/07\/Patricia-768x768.jpg 768w, https:\/\/pirschheidi.com\/2020\/wp-content\/uploads\/2023\/07\/Patricia-100x100.jpg 100w, https:\/\/pirschheidi.com\/2020\/wp-content\/uploads\/2023\/07\/Patricia.jpg 1440w\" data-sizes=\"(max-width: 767px) 89vw, (max-width: 1000px) 54vw, (max-width: 1071px) 543px, 580px\" src=\"data:image\/svg+xml;base64,PHN2ZyB3aWR0aD0iMSIgaGVpZ2h0PSIxIiB4bWxucz0iaHR0cDovL3d3dy53My5vcmcvMjAwMC9zdmciPjwvc3ZnPg==\" style=\"--smush-placeholder-width: 1024px; --smush-placeholder-aspect-ratio: 1024\/1024;\" \/><\/figure>\n","protected":false},"excerpt":{"rendered":"<p>F\ufeffeiere mit ihr und uns den Sommer an einer der sch\u00f6nsten Sommer-Locations &#8211; der Marina am Tiefen See. \ud83d\udc33\ud83d\udca6 T\ufeffanze dir die F\u00fc\u00dfe wund im hei\u00dfen Strandsand und tauche sie anschlie\u00dfend ins k\u00fchle Nass. Den Rest \u00fcbernimmt der leckere Cocktail in deinen H\u00e4nden. \ud83c\udf79 D\ufeffas wird eine Knaller-Pirschheidi mit all unseren Aktionen und den bekannten &hellip; <\/p>\n<p class=\"link-more\"><a href=\"https:\/\/pirschheidi.com\/2020\/patricia-larrass-kommt-nach-potsdam-%f0%9f%98%b1%f0%9f%92%95\/\" class=\"more-link\"><span class=\"screen-reader-text\">\u201eP\ufeffatricia Larrass kommt nach Potsdam! \ud83d\ude31\ud83d\udc95\u201c <\/span>weiterlesen<\/a><\/p>\n","protected":false},"author":2,"featured_media":0,"comment_status":"closed","ping_status":"open","sticky":false,"template":"","format":"standard","meta":{"footnotes":""},"categories":[12,134,25,205,35,6,19],"tags":[247,108,81,218,7,28,8,15],"class_list":["post-883","post","type-post","status-publish","format-standard","hentry","category-kunstler","category-liebe","category-location","category-musik","category-partner","category-schlager","category-show","tag-live","tag-musik","tag-party","tag-patricia-larrass","tag-pirschheidi","tag-potsdam","tag-schlager","tag-show"],"_links":{"self":[{"href":"https:\/\/pirschheidi.com\/2020\/wp-json\/wp\/v2\/posts\/883","targetHints":{"allow":["GET"]}}],"collection":[{"href":"https:\/\/pirschheidi.com\/2020\/wp-json\/wp\/v2\/posts"}],"about":[{"href":"https:\/\/pirschheidi.com\/2020\/wp-json\/wp\/v2\/types\/post"}],"author":[{"embeddable":true,"href":"https:\/\/pirschheidi.com\/2020\/wp-json\/wp\/v2\/users\/2"}],"replies":[{"embeddable":true,"href":"https:\/\/pirschheidi.com\/2020\/wp-json\/wp\/v2\/comments?post=883"}],"version-history":[{"count":1,"href":"https:\/\/pirschheidi.com\/2020\/wp-json\/wp\/v2\/posts\/883\/revisions"}],"predecessor-version":[{"id":887,"href":"https:\/\/pirschheidi.com\/2020\/wp-json\/wp\/v2\/posts\/883\/revisions\/887"}],"wp:attachment":[{"href":"https:\/\/pirschheidi.com\/2020\/wp-json\/wp\/v2\/media?parent=883"}],"wp:term":[{"taxonomy":"category","embeddable":true,"href":"https:\/\/pirschheidi.com\/2020\/wp-json\/wp\/v2\/categories?post=883"},{"taxonomy":"post_tag","embeddable":true,"href":"https:\/\/pirschheidi.com\/2020\/wp-json\/wp\/v2\/tags?post=883"}],"curies":[{"name":"wp","href":"https:\/\/api.w.org\/{rel}","templated":true}]}}