{"id":937,"date":"2024-03-01T19:19:50","date_gmt":"2024-03-01T18:19:50","guid":{"rendered":"https:\/\/www.pirschheidi.com\/2020\/?p=937"},"modified":"2024-03-01T19:31:14","modified_gmt":"2024-03-01T18:31:14","slug":"pirschheidi-meets-biosphare-potsdam-mit-anna-carina-woitschack","status":"publish","type":"post","link":"https:\/\/pirschheidi.com\/2020\/pirschheidi-meets-biosphare-potsdam-mit-anna-carina-woitschack\/","title":{"rendered":"Pirschheidi meets Biosph\u00e4re Potsdam mit Anna-Carina Woitschack"},"content":{"rendered":"\n<figure class=\"wp-block-image size-full\"><img decoding=\"async\" width=\"750\" height=\"552\" data-src=\"https:\/\/www.pirschheidi.com\/2020\/wp-content\/uploads\/2024\/03\/af35c7aa-a83d-4a02-835d-76191dcba0d9.jpeg\" alt=\"\" class=\"wp-image-939 lazyload\" data-srcset=\"https:\/\/pirschheidi.com\/2020\/wp-content\/uploads\/2024\/03\/af35c7aa-a83d-4a02-835d-76191dcba0d9.jpeg 750w, https:\/\/pirschheidi.com\/2020\/wp-content\/uploads\/2024\/03\/af35c7aa-a83d-4a02-835d-76191dcba0d9-300x221.jpeg 300w\" data-sizes=\"(max-width: 706px) 89vw, (max-width: 767px) 82vw, 740px\" src=\"data:image\/svg+xml;base64,PHN2ZyB3aWR0aD0iMSIgaGVpZ2h0PSIxIiB4bWxucz0iaHR0cDovL3d3dy53My5vcmcvMjAwMC9zdmciPjwvc3ZnPg==\" style=\"--smush-placeholder-width: 750px; --smush-placeholder-aspect-ratio: 750\/552;\" \/><\/figure>\n\n\n\n<p>Wie auf Kohlen haben wir gesessen. Ungeduldig haben wir mit den F\u00fc\u00dfen gescharrt. Mit beiden H\u00e4nden hielten wir uns die M\u00fcnder, um es nicht vorzeitig rauszuprusten. Und jetzt d\u00fcrfen wir es endlich bekanntgeben: auf unserer diesj\u00e4hrigen gro\u00dfen Sommerpirschheidi am 8. Juni wird uns <a href=\"https:\/\/www.annacarinawoitschack.de\/\" target=\"_blank\" rel=\"noreferrer noopener\">Anna-Carina Woitschack<\/a> besuchen und Potsdam in einen glitzernden Hauch schlagerhafter Prominenz h\u00fcllen. \ud83d\udc71\u200d\u2640\ufe0f\ud83d\udc95<\/p>\n\n\n\n<figure class=\"wp-block-video\"><video height=\"888\" style=\"aspect-ratio: 888 \/ 888;\" width=\"888\" controls src=\"https:\/\/www.pirschheidi.com\/2020\/wp-content\/uploads\/2024\/03\/RPReplay_Final1709229394.mov\"><\/video><\/figure>\n\n\n\n<p>Getanzt wird in einer der sch\u00f6nsten Locations der Stadt &#8211; der Orangerie in der <a href=\"https:\/\/www.biosphaere-potsdam.de\/pirschheidi\" target=\"_blank\" rel=\"noreferrer noopener\">Biosph\u00e4re Potsdam<\/a>. \ud83c\udf34\ud83c\udf3f Und als w\u00e4re das noch nicht alles, sto\u00dfen <a href=\"http:\/\/www.frl-biene.band\/\" target=\"_blank\" rel=\"noreferrer noopener\">Frl. Biene und ihre Band<\/a> ebenfalls dazu. Klaus Carpendale wird nat\u00fcrlich nicht fehlen und meine geliebten Schlagerchaoten Frank Heck und Torsten Kuhn behalten hoffentlich mit R\u00fcckendeckung der bezaubernden Pirschkaty alles unter Kontrolle. Insgeheim hoffe ich nat\u00fcrlich auf einen megam\u00e4\u00dfigen Kontrollverlust, den nur ihr uns bescheren k\u00f6nnt. \ud83d\ude04\ud83e\udd73<\/p>\n\n\n\n<p>So. Und wer schnell genug ist, ergattert eines der wenigen Fr\u00fchbuchertickets und ist sicher mit dabei, wenn es hei\u00dft: &#8222;Mach das nochmal mit mir&#8220; \ud83d\udc83\ud83d\udc96\ud83d\udd7a<\/p>\n\n\n\n<p>Fr\u00fchbuchertickets gibt es <a href=\"https:\/\/t.ly\/3ZrB8\" data-type=\"link\" data-id=\"https:\/\/t.ly\/3ZrB8\" target=\"_blank\" rel=\"noreferrer noopener\">hier<\/a> solange der Vorrat reicht.<\/p>\n","protected":false},"excerpt":{"rendered":"<p>Wie auf Kohlen haben wir gesessen. Ungeduldig haben wir mit den F\u00fc\u00dfen gescharrt. Mit beiden H\u00e4nden hielten wir uns die M\u00fcnder, um es nicht vorzeitig rauszuprusten. Und jetzt d\u00fcrfen wir es endlich bekanntgeben: auf unserer diesj\u00e4hrigen gro\u00dfen Sommerpirschheidi am 8. Juni wird uns Anna-Carina Woitschack besuchen und Potsdam in einen glitzernden Hauch schlagerhafter Prominenz h\u00fcllen. &hellip; <\/p>\n<p class=\"link-more\"><a href=\"https:\/\/pirschheidi.com\/2020\/pirschheidi-meets-biosphare-potsdam-mit-anna-carina-woitschack\/\" class=\"more-link\"><span class=\"screen-reader-text\">\u201ePirschheidi meets Biosph\u00e4re Potsdam mit Anna-Carina Woitschack\u201c <\/span>weiterlesen<\/a><\/p>\n","protected":false},"author":2,"featured_media":0,"comment_status":"closed","ping_status":"open","sticky":false,"template":"","format":"standard","meta":{"footnotes":""},"categories":[12,134,25,205,35,6,19,125],"tags":[283,108,81,7,28,8,15,109],"class_list":["post-937","post","type-post","status-publish","format-standard","hentry","category-kunstler","category-liebe","category-location","category-musik","category-partner","category-schlager","category-show","category-tipps","tag-biosphare","tag-musik","tag-party","tag-pirschheidi","tag-potsdam","tag-schlager","tag-show","tag-tanz"],"_links":{"self":[{"href":"https:\/\/pirschheidi.com\/2020\/wp-json\/wp\/v2\/posts\/937","targetHints":{"allow":["GET"]}}],"collection":[{"href":"https:\/\/pirschheidi.com\/2020\/wp-json\/wp\/v2\/posts"}],"about":[{"href":"https:\/\/pirschheidi.com\/2020\/wp-json\/wp\/v2\/types\/post"}],"author":[{"embeddable":true,"href":"https:\/\/pirschheidi.com\/2020\/wp-json\/wp\/v2\/users\/2"}],"replies":[{"embeddable":true,"href":"https:\/\/pirschheidi.com\/2020\/wp-json\/wp\/v2\/comments?post=937"}],"version-history":[{"count":4,"href":"https:\/\/pirschheidi.com\/2020\/wp-json\/wp\/v2\/posts\/937\/revisions"}],"predecessor-version":[{"id":946,"href":"https:\/\/pirschheidi.com\/2020\/wp-json\/wp\/v2\/posts\/937\/revisions\/946"}],"wp:attachment":[{"href":"https:\/\/pirschheidi.com\/2020\/wp-json\/wp\/v2\/media?parent=937"}],"wp:term":[{"taxonomy":"category","embeddable":true,"href":"https:\/\/pirschheidi.com\/2020\/wp-json\/wp\/v2\/categories?post=937"},{"taxonomy":"post_tag","embeddable":true,"href":"https:\/\/pirschheidi.com\/2020\/wp-json\/wp\/v2\/tags?post=937"}],"curies":[{"name":"wp","href":"https:\/\/api.w.org\/{rel}","templated":true}]}}