{"id":972,"date":"2024-07-05T10:44:00","date_gmt":"2024-07-05T08:44:00","guid":{"rendered":"https:\/\/www.pirschheidi.com\/2020\/?p=972"},"modified":"2024-07-05T10:44:00","modified_gmt":"2024-07-05T08:44:00","slug":"pirschheidi-goes-marina-verschoben-%f0%9f%98%a5","status":"publish","type":"post","link":"https:\/\/pirschheidi.com\/2020\/pirschheidi-goes-marina-verschoben-%f0%9f%98%a5\/","title":{"rendered":"Pirschheidi goes Marina verschoben \ud83d\ude25"},"content":{"rendered":"\n<p>Liebe Pirschheidi-Freunde,<\/p>\n\n\n\n<p>schweren Herzens m\u00fcssen wir bekanntgeben, dass unsere Veranstaltung &#8222;Pirschheidi goes Marina&#8220; am 06.07. in der Marina am Tiefen See nicht stattfinden darf.<\/p>\n\n\n\n<p>Wie wir vor wenigen Minuten erfuhren, steht uns die Location am Samstag -entgegen aller getroffenen Vereinbarungen- pl\u00f6tzlich nicht mehr als Veranstaltungsort zur Verf\u00fcgung.<\/p>\n\n\n\n<p>Der Grund ist augenscheinlich eine Art kurzfristiges Veto durch die Stadt Potsdam.<\/p>\n\n\n\n<p>Das stellt unser sonst so sonniges Gem\u00fct nat\u00fcrlich auf eine harte Probe.<\/p>\n\n\n\n<p>Die &#8222;Pirschheidi goes Marina&#8220; vom 06.07.2024 wird verschoben. Wir informieren euch zeitnah.<\/p>\n\n\n\n<p>Wenn wir uns gefasst und alle Informationen aus einer sachlicheren Position bewertet haben, nehmen wir gesondert zu dieser au\u00dfergew\u00f6hnlichen Situation und ihren Hintergr\u00fcnden Stellung.<\/p>\n\n\n\n<p>Uns war nur wichtig, euch so schnell wie m\u00f6glich \u00fcber die Absage zu informieren.<\/p>\n\n\n\n<p>Es tut uns wahnsinnig leid &#8211; um euch &#8211; um euer Wochenende &#8211; um die &#8222;Kultur-Stadt&#8220; Potsdam und den persistenten Niedergang derselbigen.<\/p>\n\n\n\n<p>Eure wahnsinnig entt\u00e4uschten Pirschheidis &#8211; die Potsdam von Herzen lieben!<\/p>\n","protected":false},"excerpt":{"rendered":"<p>Liebe Pirschheidi-Freunde, schweren Herzens m\u00fcssen wir bekanntgeben, dass unsere Veranstaltung &#8222;Pirschheidi goes Marina&#8220; am 06.07. in der Marina am Tiefen See nicht stattfinden darf. Wie wir vor wenigen Minuten erfuhren, steht uns die Location am Samstag -entgegen aller getroffenen Vereinbarungen- pl\u00f6tzlich nicht mehr als Veranstaltungsort zur Verf\u00fcgung. Der Grund ist augenscheinlich eine Art kurzfristiges Veto &hellip; <\/p>\n<p class=\"link-more\"><a href=\"https:\/\/pirschheidi.com\/2020\/pirschheidi-goes-marina-verschoben-%f0%9f%98%a5\/\" class=\"more-link\"><span class=\"screen-reader-text\">\u201ePirschheidi goes Marina verschoben \ud83d\ude25\u201c <\/span>weiterlesen<\/a><\/p>\n","protected":false},"author":2,"featured_media":0,"comment_status":"closed","ping_status":"open","sticky":false,"template":"","format":"standard","meta":{"footnotes":""},"categories":[12,25,205,35,6],"tags":[],"class_list":["post-972","post","type-post","status-publish","format-standard","hentry","category-kunstler","category-location","category-musik","category-partner","category-schlager"],"_links":{"self":[{"href":"https:\/\/pirschheidi.com\/2020\/wp-json\/wp\/v2\/posts\/972","targetHints":{"allow":["GET"]}}],"collection":[{"href":"https:\/\/pirschheidi.com\/2020\/wp-json\/wp\/v2\/posts"}],"about":[{"href":"https:\/\/pirschheidi.com\/2020\/wp-json\/wp\/v2\/types\/post"}],"author":[{"embeddable":true,"href":"https:\/\/pirschheidi.com\/2020\/wp-json\/wp\/v2\/users\/2"}],"replies":[{"embeddable":true,"href":"https:\/\/pirschheidi.com\/2020\/wp-json\/wp\/v2\/comments?post=972"}],"version-history":[{"count":1,"href":"https:\/\/pirschheidi.com\/2020\/wp-json\/wp\/v2\/posts\/972\/revisions"}],"predecessor-version":[{"id":973,"href":"https:\/\/pirschheidi.com\/2020\/wp-json\/wp\/v2\/posts\/972\/revisions\/973"}],"wp:attachment":[{"href":"https:\/\/pirschheidi.com\/2020\/wp-json\/wp\/v2\/media?parent=972"}],"wp:term":[{"taxonomy":"category","embeddable":true,"href":"https:\/\/pirschheidi.com\/2020\/wp-json\/wp\/v2\/categories?post=972"},{"taxonomy":"post_tag","embeddable":true,"href":"https:\/\/pirschheidi.com\/2020\/wp-json\/wp\/v2\/tags?post=972"}],"curies":[{"name":"wp","href":"https:\/\/api.w.org\/{rel}","templated":true}]}}