{"id":980,"date":"2024-07-16T20:53:49","date_gmt":"2024-07-16T18:53:49","guid":{"rendered":"https:\/\/www.pirschheidi.com\/2020\/?p=980"},"modified":"2024-07-16T20:58:52","modified_gmt":"2024-07-16T18:58:52","slug":"pirschheidi-goes-marina-wir-verlangern-den-sommer","status":"publish","type":"post","link":"https:\/\/pirschheidi.com\/2020\/pirschheidi-goes-marina-wir-verlangern-den-sommer\/","title":{"rendered":"Pirschheidi goes Marina &#8211; wir verl\u00e4ngern den Sommer!"},"content":{"rendered":"\n<p>Wir verl\u00e4ngern den Sommer in Potsdam!<\/p>\n\n\n\n<p>Ersatzveranstaltung f\u00fcr den o6.o7.24. <strong>Die alten und g\u00fcnstigeren Tickets behalten ihre G\u00fcltigkeit!<\/strong> Wenn du also im Besitz einer Karte vom 6.7. bist, dann sch\u00e4tze dich gl\u00fccklich. \ud83d\ude0d<\/p>\n\n\n\n<p>\ud83d\udc49 Marina am Tiefen See &#8211; Schlager in Potsdam &#8211; direkt am Wasser an der Humboldtbr\u00fccke. \ud83d\udc48<\/p>\n\n\n\n<p>Karten gibt es <a href=\"https:\/\/www.eventbrite.de\/e\/pirschheidi-goes-marina-schlager-in-potsdam-ersatzveranstaltung-fur-67-tickets-948108817997\" target=\"_blank\" rel=\"noreferrer noopener\">hier<\/a>.<\/p>\n\n\n\n<p>Am Samstag, den 7. September ab 18 Uhr erwarten euch leckere Cocktails, sommerliche Schlagerbeats und ein atemberaubender Sonnenuntergang am Wasser.<\/p>\n\n\n\n<p>\ud83c\udf77\ud83c\udf66\ud83c\udf89<\/p>\n\n\n\n<p>Feiere mit uns den Sommer in einer der sch\u00f6nsten Sommer-Locations &#8211; der Marina am Tiefen See. \ud83d\udc33\ud83d\udca6<\/p>\n\n\n\n<p>Tanze dir die F\u00fc\u00dfe wund im hei\u00dfen Strandsand und tauche sie anschlie\u00dfend ins k\u00fchle Nass. Den Rest \u00fcbernimmt der leckere Cocktail in deinen H\u00e4nden. \ud83c\udf79<\/p>\n\n\n\n<p>Das wird eine Knaller-Pirschheidi mit all unseren Aktionen und den bekannten Schlager &#8211; und Pop &#8211; Evergreens, die wir so sehr lieben. \ud83c\udf88\ud83c\udf89<\/p>\n\n\n\n<p>Feiert mit uns die Schlager- und Pop &#8211; Klassiker aus den 70ern und 80ern, die Neuauflagen aus den 90ern und die Schlagerbeats der 2000er.<\/p>\n\n\n\n<p>Das Kartenkontingent ist auf Grund der kleinen Location stark begrenzt. Also greift zu! \ud83c\udfab<\/p>\n\n\n\n<p>Karten gibt es <a href=\"https:\/\/www.eventbrite.de\/e\/pirschheidi-goes-marina-schlager-in-potsdam-ersatzveranstaltung-fur-67-tickets-948108817997\" target=\"_blank\" rel=\"noreferrer noopener\">hier<\/a>.<\/p>\n\n\n\n<p><a href=\"https:\/\/www.marina-am-tiefen-see.de\/\" target=\"_blank\" rel=\"noreferrer noopener\">www.marina-am-tiefen-see.de<\/a><\/p>\n\n\n\n<p><a href=\"https:\/\/www.pirschheidi.de\/\" target=\"_blank\" rel=\"noreferrer noopener\">www.pirschheidi.de<\/a><\/p>\n\n\n\n<p>Veranstalter und Location:<\/p>\n\n\n\n<p>Marina am Tiefen See<\/p>\n\n\n\n<p>Schiffbauergasse 8<\/p>\n\n\n\n<p>14467 Potsdam<\/p>\n\n\n\n<p>Pirschheidi goes Marina<\/p>\n\n\n\n<p><br>Die Pre Show Party vor unserer Pirschheidi &#8211; Gala am 07.12.2024 in der Biosph\u00e4re Potsdam.<br>An diesem Gala-Abend u.a. mit dabei:<br>DANI Andrea Berg Double und Vincent Gross!<br>Tickets f\u00fcr die Biosph\u00e4re an allen bekannten Vorverkaufsstellen und unter <a href=\"https:\/\/www.pirschheidi.com\/tickets?fbclid=IwZXh0bgNhZW0CMTAAAR2sagV4T2tayfu0TcyVd04jJFwnF53zZUUVO9QfLxxzAlQI-n5CBCfT3C0_aem_TMowrPJ8a0YK7mOeAhceiA\" target=\"_blank\" rel=\"noreferrer noopener\">https:\/\/www.pirschheidi.com\/tickets<\/a><\/p>\n","protected":false},"excerpt":{"rendered":"<p>Wir verl\u00e4ngern den Sommer in Potsdam! Ersatzveranstaltung f\u00fcr den o6.o7.24. Die alten und g\u00fcnstigeren Tickets behalten ihre G\u00fcltigkeit! Wenn du also im Besitz einer Karte vom 6.7. bist, dann sch\u00e4tze dich gl\u00fccklich. \ud83d\ude0d \ud83d\udc49 Marina am Tiefen See &#8211; Schlager in Potsdam &#8211; direkt am Wasser an der Humboldtbr\u00fccke. \ud83d\udc48 Karten gibt es hier. Am &hellip; <\/p>\n<p class=\"link-more\"><a href=\"https:\/\/pirschheidi.com\/2020\/pirschheidi-goes-marina-wir-verlangern-den-sommer\/\" class=\"more-link\"><span class=\"screen-reader-text\">\u201ePirschheidi goes Marina &#8211; wir verl\u00e4ngern den Sommer!\u201c <\/span>weiterlesen<\/a><\/p>\n","protected":false},"author":2,"featured_media":0,"comment_status":"closed","ping_status":"open","sticky":false,"template":"","format":"standard","meta":{"footnotes":""},"categories":[12,134,25,205,35,6,19],"tags":[],"class_list":["post-980","post","type-post","status-publish","format-standard","hentry","category-kunstler","category-liebe","category-location","category-musik","category-partner","category-schlager","category-show"],"_links":{"self":[{"href":"https:\/\/pirschheidi.com\/2020\/wp-json\/wp\/v2\/posts\/980","targetHints":{"allow":["GET"]}}],"collection":[{"href":"https:\/\/pirschheidi.com\/2020\/wp-json\/wp\/v2\/posts"}],"about":[{"href":"https:\/\/pirschheidi.com\/2020\/wp-json\/wp\/v2\/types\/post"}],"author":[{"embeddable":true,"href":"https:\/\/pirschheidi.com\/2020\/wp-json\/wp\/v2\/users\/2"}],"replies":[{"embeddable":true,"href":"https:\/\/pirschheidi.com\/2020\/wp-json\/wp\/v2\/comments?post=980"}],"version-history":[{"count":3,"href":"https:\/\/pirschheidi.com\/2020\/wp-json\/wp\/v2\/posts\/980\/revisions"}],"predecessor-version":[{"id":983,"href":"https:\/\/pirschheidi.com\/2020\/wp-json\/wp\/v2\/posts\/980\/revisions\/983"}],"wp:attachment":[{"href":"https:\/\/pirschheidi.com\/2020\/wp-json\/wp\/v2\/media?parent=980"}],"wp:term":[{"taxonomy":"category","embeddable":true,"href":"https:\/\/pirschheidi.com\/2020\/wp-json\/wp\/v2\/categories?post=980"},{"taxonomy":"post_tag","embeddable":true,"href":"https:\/\/pirschheidi.com\/2020\/wp-json\/wp\/v2\/tags?post=980"}],"curies":[{"name":"wp","href":"https:\/\/api.w.org\/{rel}","templated":true}]}}